{"id":12499,"date":"2022-03-28T22:01:23","date_gmt":"2022-03-28T22:01:23","guid":{"rendered":"https:\/\/safina.pt\/uncategorized\/next-stop-expojardim-urban-garden\/"},"modified":"2024-03-22T11:16:47","modified_gmt":"2024-03-22T11:16:47","slug":"next-stop-expojardim-urban-garden","status":"publish","type":"post","link":"https:\/\/safina.pt\/en\/exhibitions\/next-stop-expojardim-urban-garden\/","title":{"rendered":"Safina at Expojardim &amp; Urban Garden"},"content":{"rendered":"<p>[vc_row row_btt_skin=&#8221;light&#8221; row_background_text_position=&#8221;front&#8221; css=&#8221;.vc_custom_1544456219702{padding-top: 0px !important;padding-bottom: 41px !important;}&#8221;][vc_column][vc_column_text] AFTER de Marselha, a Safina rumou para a capital portuguesa para mais uma feira internacional. FIL was&#8230; palco da Expojardim &amp; Urban Garden 2022, uma interessante paragem para todos os que t\u00eam planos para remodelar o seu espa\u00e7o exterior nesta esta\u00e7\u00e3o quente que se avizinha. A Safina, once again, marcou presen\u00e7a com um conjunto que produtos que alia a qualidade ao pre\u00e7o acess\u00edvel. [\/vc_column_text][\/vc_column][\/vc_row][vc_row row_btt_skin=&#8221;light&#8221; row_background_text_position=&#8221;front&#8221;][vc_column][vc_column_text]<\/p>\n<p>&nbsp;<\/p>\n","protected":false},"excerpt":{"rendered":"<p>AFTER de Marselha, a Safina rumou para a capital portuguesa para mais uma feira internacional&#8230;<\/p>\n","protected":false},"author":7,"featured_media":12333,"comment_status":"open","ping_status":"open","sticky":false,"template":"","format":"standard","meta":{"om_disable_all_campaigns":false,"inline_featured_image":false,"_monsterinsights_skip_tracking":false,"_monsterinsights_sitenote_active":false,"_monsterinsights_sitenote_note":"","_monsterinsights_sitenote_category":0},"categories":[113],"tags":[],"aioseo_notices":[],"_links":{"self":[{"href":"https:\/\/safina.pt\/en\/wp-json\/wp\/v2\/posts\/12499"}],"collection":[{"href":"https:\/\/safina.pt\/en\/wp-json\/wp\/v2\/posts"}],"about":[{"href":"https:\/\/safina.pt\/en\/wp-json\/wp\/v2\/types\/post"}],"author":[{"embeddable":true,"href":"https:\/\/safina.pt\/en\/wp-json\/wp\/v2\/users\/7"}],"replies":[{"embeddable":true,"href":"https:\/\/safina.pt\/en\/wp-json\/wp\/v2\/comments?post=12499"}],"version-history":[{"count":9,"href":"https:\/\/safina.pt\/en\/wp-json\/wp\/v2\/posts\/12499\/revisions"}],"predecessor-version":[{"id":15202,"href":"https:\/\/safina.pt\/en\/wp-json\/wp\/v2\/posts\/12499\/revisions\/15202"}],"wp:featuredmedia":[{"embeddable":true,"href":"https:\/\/safina.pt\/en\/wp-json\/wp\/v2\/media\/12333"}],"wp:attachment":[{"href":"https:\/\/safina.pt\/en\/wp-json\/wp\/v2\/media?parent=12499"}],"wp:term":[{"taxonomy":"category","embeddable":true,"href":"https:\/\/safina.pt\/en\/wp-json\/wp\/v2\/categories?post=12499"},{"taxonomy":"post_tag","embeddable":true,"href":"https:\/\/safina.pt\/en\/wp-json\/wp\/v2\/tags?post=12499"}],"curies":[{"name":"wp","href":"https:\/\/api.w.org\/{rel}","templated":true}]}}