{"id":12502,"date":"2022-03-28T21:15:10","date_gmt":"2022-03-28T21:15:10","guid":{"rendered":"https:\/\/safina.pt\/uncategorized\/safina-was-present-at-paysalia-in-france\/"},"modified":"2022-05-04T16:22:24","modified_gmt":"2022-05-04T16:22:24","slug":"safina-was-present-at-paysalia-in-france","status":"publish","type":"post","link":"https:\/\/safina.pt\/en\/exhibitions\/safina-was-present-at-paysalia-in-france\/","title":{"rendered":"Safina was present at Paysalia, in France"},"content":{"rendered":"<p>[vc_row row_btt_skin=&#8221;light&#8221; row_background_text_position=&#8221;front&#8221; css=&#8221;.vc_custom_1544456219702{padding-top: 0px !important;padding-bottom: 41px !important;}&#8221;][vc_column][vc_column_text] In December, Safina was present at yet another exhibition, this time in France: Paysalia, the renowned international exhibition of brands, products, and services for landscaping, gardens, and sports.<br \/>\nDuring 3 days, Paysalia was the privileged stage for business and sharing in different segments and Safina artificial grass could not be missing. . [\/vc_column_text][\/vc_column][\/vc_row][vc_row row_btt_skin=&#8221;light&#8221; row_background_text_position=&#8221;front&#8221;][vc_column][vc_column_text]<\/p>\n<p><img loading=\"lazy\" class=\"alignnone size-medium wp-image-12082\" src=\"https:\/\/safina.pt\/wp-content\/uploads\/2018\/12\/WhatsApp-Image-2021-11-30-at-10.19.59-300x300.jpeg\" alt=\"\" width=\"300\" height=\"300\" srcset=\"https:\/\/safina.pt\/wp-content\/uploads\/2018\/12\/WhatsApp-Image-2021-11-30-at-10.19.59-300x300.jpeg 300w, https:\/\/safina.pt\/wp-content\/uploads\/2018\/12\/WhatsApp-Image-2021-11-30-at-10.19.59-1024x1024.jpeg 1024w, https:\/\/safina.pt\/wp-content\/uploads\/2018\/12\/WhatsApp-Image-2021-11-30-at-10.19.59-150x150.jpeg 150w, https:\/\/safina.pt\/wp-content\/uploads\/2018\/12\/WhatsApp-Image-2021-11-30-at-10.19.59-768x768.jpeg 768w, https:\/\/safina.pt\/wp-content\/uploads\/2018\/12\/WhatsApp-Image-2021-11-30-at-10.19.59-1536x1536.jpeg 1536w, https:\/\/safina.pt\/wp-content\/uploads\/2018\/12\/WhatsApp-Image-2021-11-30-at-10.19.59-650x650.jpeg 650w, https:\/\/safina.pt\/wp-content\/uploads\/2018\/12\/WhatsApp-Image-2021-11-30-at-10.19.59-1300x1300.jpeg 1300w, https:\/\/safina.pt\/wp-content\/uploads\/2018\/12\/WhatsApp-Image-2021-11-30-at-10.19.59.jpeg 1728w\" sizes=\"(max-width: 300px) 100vw, 300px\" \/> <img loading=\"lazy\" class=\"alignnone size-medium wp-image-12086\" src=\"https:\/\/safina.pt\/wp-content\/uploads\/2018\/12\/WhatsApp-Image-2021-11-30-at-10.19.55-300x300.jpeg\" alt=\"\" width=\"300\" height=\"300\" srcset=\"https:\/\/safina.pt\/wp-content\/uploads\/2018\/12\/WhatsApp-Image-2021-11-30-at-10.19.55-300x300.jpeg 300w, https:\/\/safina.pt\/wp-content\/uploads\/2018\/12\/WhatsApp-Image-2021-11-30-at-10.19.55-1024x1024.jpeg 1024w, https:\/\/safina.pt\/wp-content\/uploads\/2018\/12\/WhatsApp-Image-2021-11-30-at-10.19.55-150x150.jpeg 150w, https:\/\/safina.pt\/wp-content\/uploads\/2018\/12\/WhatsApp-Image-2021-11-30-at-10.19.55-768x768.jpeg 768w, https:\/\/safina.pt\/wp-content\/uploads\/2018\/12\/WhatsApp-Image-2021-11-30-at-10.19.55-1536x1536.jpeg 1536w, https:\/\/safina.pt\/wp-content\/uploads\/2018\/12\/WhatsApp-Image-2021-11-30-at-10.19.55-650x650.jpeg 650w, https:\/\/safina.pt\/wp-content\/uploads\/2018\/12\/WhatsApp-Image-2021-11-30-at-10.19.55-1300x1300.jpeg 1300w\" sizes=\"(max-width: 300px) 100vw, 300px\" \/> <img loading=\"lazy\" class=\"alignnone size-medium wp-image-12090\" src=\"https:\/\/safina.pt\/wp-content\/uploads\/2018\/12\/WhatsApp-Image-2021-11-30-at-10.19.51-300x300.jpeg\" alt=\"\" width=\"300\" height=\"300\" srcset=\"https:\/\/safina.pt\/wp-content\/uploads\/2018\/12\/WhatsApp-Image-2021-11-30-at-10.19.51-300x300.jpeg 300w, https:\/\/safina.pt\/wp-content\/uploads\/2018\/12\/WhatsApp-Image-2021-11-30-at-10.19.51-1024x1024.jpeg 1024w, https:\/\/safina.pt\/wp-content\/uploads\/2018\/12\/WhatsApp-Image-2021-11-30-at-10.19.51-150x150.jpeg 150w, https:\/\/safina.pt\/wp-content\/uploads\/2018\/12\/WhatsApp-Image-2021-11-30-at-10.19.51-768x768.jpeg 768w, https:\/\/safina.pt\/wp-content\/uploads\/2018\/12\/WhatsApp-Image-2021-11-30-at-10.19.51-1536x1536.jpeg 1536w, https:\/\/safina.pt\/wp-content\/uploads\/2018\/12\/WhatsApp-Image-2021-11-30-at-10.19.51-650x650.jpeg 650w, https:\/\/safina.pt\/wp-content\/uploads\/2018\/12\/WhatsApp-Image-2021-11-30-at-10.19.51-1300x1300.jpeg 1300w, https:\/\/safina.pt\/wp-content\/uploads\/2018\/12\/WhatsApp-Image-2021-11-30-at-10.19.51.jpeg 1728w\" sizes=\"(max-width: 300px) 100vw, 300px\" \/><\/p>\n","protected":false},"excerpt":{"rendered":"<p>Em dezembro, a Safina marcou presen\u00e7a em mais uma exposi\u00e7\u00e3o, desta vez em Fran\u00e7a&#8230;<\/p>\n","protected":false},"author":7,"featured_media":12327,"comment_status":"open","ping_status":"open","sticky":false,"template":"","format":"standard","meta":{"om_disable_all_campaigns":false,"inline_featured_image":false,"_monsterinsights_skip_tracking":false,"_monsterinsights_sitenote_active":false,"_monsterinsights_sitenote_note":"","_monsterinsights_sitenote_category":0},"categories":[113],"tags":[],"aioseo_notices":[],"_links":{"self":[{"href":"https:\/\/safina.pt\/en\/wp-json\/wp\/v2\/posts\/12502"}],"collection":[{"href":"https:\/\/safina.pt\/en\/wp-json\/wp\/v2\/posts"}],"about":[{"href":"https:\/\/safina.pt\/en\/wp-json\/wp\/v2\/types\/post"}],"author":[{"embeddable":true,"href":"https:\/\/safina.pt\/en\/wp-json\/wp\/v2\/users\/7"}],"replies":[{"embeddable":true,"href":"https:\/\/safina.pt\/en\/wp-json\/wp\/v2\/comments?post=12502"}],"version-history":[{"count":11,"href":"https:\/\/safina.pt\/en\/wp-json\/wp\/v2\/posts\/12502\/revisions"}],"predecessor-version":[{"id":12900,"href":"https:\/\/safina.pt\/en\/wp-json\/wp\/v2\/posts\/12502\/revisions\/12900"}],"wp:featuredmedia":[{"embeddable":true,"href":"https:\/\/safina.pt\/en\/wp-json\/wp\/v2\/media\/12327"}],"wp:attachment":[{"href":"https:\/\/safina.pt\/en\/wp-json\/wp\/v2\/media?parent=12502"}],"wp:term":[{"taxonomy":"category","embeddable":true,"href":"https:\/\/safina.pt\/en\/wp-json\/wp\/v2\/categories?post=12502"},{"taxonomy":"post_tag","embeddable":true,"href":"https:\/\/safina.pt\/en\/wp-json\/wp\/v2\/tags?post=12502"}],"curies":[{"name":"wp","href":"https:\/\/api.w.org\/{rel}","templated":true}]}}