{"id":12587,"date":"2022-03-28T21:15:10","date_gmt":"2022-03-28T21:15:10","guid":{"rendered":"https:\/\/safina.pt\/sin-categorizar\/safina-marca-presenca-na-paysalia-em-franca\/"},"modified":"2022-05-04T15:24:05","modified_gmt":"2022-05-04T15:24:05","slug":"paysalia-es","status":"publish","type":"post","link":"https:\/\/safina.pt\/es\/exhibiciones-es\/paysalia-es\/","title":{"rendered":"Safina llega a Paysalia, Francia"},"content":{"rendered":"<p>[vc_row row_btt_skin=\u00bblight\u00bb row_background_text_position=\u00bbfront\u00bb css=\u00bb.vc_custom_1544456219702{padding-top: 0px !important;padding-bottom: 41px !important;}\u00bb][vc_column][vc_column_text] En diciembre, Safina estuvo presente en otra exposici\u00f3n, esta vez en Francia: Paysalia, la renombrada exposici\u00f3n internacional de marcas, productos y servicios de paisajismo, jard\u00edn y deporte.<br \/>\nDurante 3 d\u00edas, Paysalia fue el escenario privilegiado para hacer negocios y compartir en diferentes segmentos y el c\u00e9sped artificial Safina no pod\u00eda faltar. . [\/vc_column_text][\/vc_column][\/vc_row][vc_row row_btt_skin=\u00bblight\u00bb row_background_text_position=\u00bbfront\u00bb][vc_column][vc_column_text]<\/p>\n<p><img loading=\"lazy\" class=\"alignnone size-medium wp-image-12084\" src=\"https:\/\/safina.pt\/wp-content\/uploads\/2018\/12\/WhatsApp-Image-2021-11-30-at-10.19.59-300x300.jpeg\" alt=\"\" width=\"300\" height=\"300\" srcset=\"https:\/\/safina.pt\/wp-content\/uploads\/2018\/12\/WhatsApp-Image-2021-11-30-at-10.19.59-300x300.jpeg 300w, https:\/\/safina.pt\/wp-content\/uploads\/2018\/12\/WhatsApp-Image-2021-11-30-at-10.19.59-1024x1024.jpeg 1024w, https:\/\/safina.pt\/wp-content\/uploads\/2018\/12\/WhatsApp-Image-2021-11-30-at-10.19.59-150x150.jpeg 150w, https:\/\/safina.pt\/wp-content\/uploads\/2018\/12\/WhatsApp-Image-2021-11-30-at-10.19.59-768x768.jpeg 768w, https:\/\/safina.pt\/wp-content\/uploads\/2018\/12\/WhatsApp-Image-2021-11-30-at-10.19.59-1536x1536.jpeg 1536w, https:\/\/safina.pt\/wp-content\/uploads\/2018\/12\/WhatsApp-Image-2021-11-30-at-10.19.59-650x650.jpeg 650w, https:\/\/safina.pt\/wp-content\/uploads\/2018\/12\/WhatsApp-Image-2021-11-30-at-10.19.59-1300x1300.jpeg 1300w, https:\/\/safina.pt\/wp-content\/uploads\/2018\/12\/WhatsApp-Image-2021-11-30-at-10.19.59.jpeg 1728w\" sizes=\"(max-width: 300px) 100vw, 300px\" \/> <img loading=\"lazy\" class=\"alignnone size-medium wp-image-12088\" src=\"https:\/\/safina.pt\/wp-content\/uploads\/2018\/12\/WhatsApp-Image-2021-11-30-at-10.19.55-300x300.jpeg\" alt=\"\" width=\"300\" height=\"300\" srcset=\"https:\/\/safina.pt\/wp-content\/uploads\/2018\/12\/WhatsApp-Image-2021-11-30-at-10.19.55-300x300.jpeg 300w, https:\/\/safina.pt\/wp-content\/uploads\/2018\/12\/WhatsApp-Image-2021-11-30-at-10.19.55-1024x1024.jpeg 1024w, https:\/\/safina.pt\/wp-content\/uploads\/2018\/12\/WhatsApp-Image-2021-11-30-at-10.19.55-150x150.jpeg 150w, https:\/\/safina.pt\/wp-content\/uploads\/2018\/12\/WhatsApp-Image-2021-11-30-at-10.19.55-768x768.jpeg 768w, https:\/\/safina.pt\/wp-content\/uploads\/2018\/12\/WhatsApp-Image-2021-11-30-at-10.19.55-1536x1536.jpeg 1536w, https:\/\/safina.pt\/wp-content\/uploads\/2018\/12\/WhatsApp-Image-2021-11-30-at-10.19.55-650x650.jpeg 650w, https:\/\/safina.pt\/wp-content\/uploads\/2018\/12\/WhatsApp-Image-2021-11-30-at-10.19.55-1300x1300.jpeg 1300w\" sizes=\"(max-width: 300px) 100vw, 300px\" \/> <img loading=\"lazy\" class=\"alignnone size-medium wp-image-12092\" src=\"https:\/\/safina.pt\/wp-content\/uploads\/2018\/12\/WhatsApp-Image-2021-11-30-at-10.19.51-300x300.jpeg\" alt=\"\" width=\"300\" height=\"300\" srcset=\"https:\/\/safina.pt\/wp-content\/uploads\/2018\/12\/WhatsApp-Image-2021-11-30-at-10.19.51-300x300.jpeg 300w, https:\/\/safina.pt\/wp-content\/uploads\/2018\/12\/WhatsApp-Image-2021-11-30-at-10.19.51-1024x1024.jpeg 1024w, https:\/\/safina.pt\/wp-content\/uploads\/2018\/12\/WhatsApp-Image-2021-11-30-at-10.19.51-150x150.jpeg 150w, https:\/\/safina.pt\/wp-content\/uploads\/2018\/12\/WhatsApp-Image-2021-11-30-at-10.19.51-768x768.jpeg 768w, https:\/\/safina.pt\/wp-content\/uploads\/2018\/12\/WhatsApp-Image-2021-11-30-at-10.19.51-1536x1536.jpeg 1536w, https:\/\/safina.pt\/wp-content\/uploads\/2018\/12\/WhatsApp-Image-2021-11-30-at-10.19.51-650x650.jpeg 650w, https:\/\/safina.pt\/wp-content\/uploads\/2018\/12\/WhatsApp-Image-2021-11-30-at-10.19.51-1300x1300.jpeg 1300w, https:\/\/safina.pt\/wp-content\/uploads\/2018\/12\/WhatsApp-Image-2021-11-30-at-10.19.51.jpeg 1728w\" sizes=\"(max-width: 300px) 100vw, 300px\" \/><\/p>\n","protected":false},"excerpt":{"rendered":"<p>En diciembre, Safina estuvo presente en otra exposici\u00f3n, esta vez en Francia&#8230;<\/p>\n","protected":false},"author":7,"featured_media":12329,"comment_status":"open","ping_status":"open","sticky":false,"template":"","format":"standard","meta":{"om_disable_all_campaigns":false,"inline_featured_image":false,"_monsterinsights_skip_tracking":false,"_monsterinsights_sitenote_active":false,"_monsterinsights_sitenote_note":"","_monsterinsights_sitenote_category":0},"categories":[115],"tags":[],"aioseo_notices":[],"_links":{"self":[{"href":"https:\/\/safina.pt\/es\/wp-json\/wp\/v2\/posts\/12587"}],"collection":[{"href":"https:\/\/safina.pt\/es\/wp-json\/wp\/v2\/posts"}],"about":[{"href":"https:\/\/safina.pt\/es\/wp-json\/wp\/v2\/types\/post"}],"author":[{"embeddable":true,"href":"https:\/\/safina.pt\/es\/wp-json\/wp\/v2\/users\/7"}],"replies":[{"embeddable":true,"href":"https:\/\/safina.pt\/es\/wp-json\/wp\/v2\/comments?post=12587"}],"version-history":[{"count":19,"href":"https:\/\/safina.pt\/es\/wp-json\/wp\/v2\/posts\/12587\/revisions"}],"predecessor-version":[{"id":12890,"href":"https:\/\/safina.pt\/es\/wp-json\/wp\/v2\/posts\/12587\/revisions\/12890"}],"wp:featuredmedia":[{"embeddable":true,"href":"https:\/\/safina.pt\/es\/wp-json\/wp\/v2\/media\/12329"}],"wp:attachment":[{"href":"https:\/\/safina.pt\/es\/wp-json\/wp\/v2\/media?parent=12587"}],"wp:term":[{"taxonomy":"category","embeddable":true,"href":"https:\/\/safina.pt\/es\/wp-json\/wp\/v2\/categories?post=12587"},{"taxonomy":"post_tag","embeddable":true,"href":"https:\/\/safina.pt\/es\/wp-json\/wp\/v2\/tags?post=12587"}],"curies":[{"name":"wp","href":"https:\/\/api.w.org\/{rel}","templated":true}]}}